[{"@context":"https:\/\/schema.org\/","@type":"Article","@id":"https:\/\/www.darne.sk\/kariera-verzus-rodina\/#Article","mainEntityOfPage":"https:\/\/www.darne.sk\/kariera-verzus-rodina\/","headline":"Kari\u00e9ra verzus rodina","name":"Kari\u00e9ra verzus rodina","description":"Hovor\u00ed sa, \u017ee \u017eena je stvoren\u00e1 a\u00a0nastaven\u00e1 tak, aby mala deti a\u00a0vlastn\u00fa rodinu, o\u00a0ktor\u00fa sa bude stara\u0165. Sk\u00f4r \u010di nesk\u00f4r asi ka\u017ed\u00e1 \u017eena poc\u00edti \u010di \u201eza\u010duje\u201c tikanie svojich biologick\u00fdch hod\u00edn a\u00a0zat\u00fa\u017ei po de\u0165och. U\u00a0niektorej to pr\u00edde sk\u00f4r, u\u00a0inej nesk\u00f4r. V\u00a0porovnan\u00ed s\u00a0minul\u00fdmi rokmi \u010di sk\u00f4r desa\u0165ro\u010diami sa dnes \u017eeny vyd\u00e1vaj\u00fa a\u00a0zakladaj\u00fa si rodiny ove\u013ea...","datePublished":"2018-04-05","dateModified":"2023-04-26","author":{"@type":"Person","@id":"https:\/\/www.darne.sk\/author\/#Person","name":"","url":"https:\/\/www.darne.sk\/author\/","identifier":1,"image":{"@type":"ImageObject","@id":"https:\/\/secure.gravatar.com\/avatar\/cbcb92d2d459f60d1dc08d6e5973c6b0ed1017e8a3b51da0599e03841cfa81e6?s=96&d=mm&r=g","url":"https:\/\/secure.gravatar.com\/avatar\/cbcb92d2d459f60d1dc08d6e5973c6b0ed1017e8a3b51da0599e03841cfa81e6?s=96&d=mm&r=g","height":96,"width":96}},"publisher":{"@type":"Organization","name":"darne.sk","logo":{"@type":"ImageObject","@id":"\/logo.png","url":"\/logo.png","width":600,"height":60}},"image":{"@type":"ImageObject","@id":"https:\/\/www.darne.sk\/wp-content\/uploads\/img_a288365_w16559_t1528216130.jpg","url":"https:\/\/www.darne.sk\/wp-content\/uploads\/img_a288365_w16559_t1528216130.jpg","height":0,"width":0},"url":"https:\/\/www.darne.sk\/kariera-verzus-rodina\/","wordCount":581,"articleBody":"Hovor\u00ed sa, \u017ee \u017eena je stvoren\u00e1 a\u00a0nastaven\u00e1 tak, aby mala deti a\u00a0vlastn\u00fa rodinu, o\u00a0ktor\u00fa sa bude stara\u0165. Sk\u00f4r \u010di nesk\u00f4r asi ka\u017ed\u00e1 \u017eena poc\u00edti \u010di \u201eza\u010duje\u201c tikanie svojich biologick\u00fdch hod\u00edn a\u00a0zat\u00fa\u017ei po de\u0165och. U\u00a0niektorej to pr\u00edde sk\u00f4r, u\u00a0inej nesk\u00f4r. V\u00a0porovnan\u00ed s\u00a0minul\u00fdmi rokmi \u010di sk\u00f4r desa\u0165ro\u010diami sa dnes \u017eeny vyd\u00e1vaj\u00fa a\u00a0zakladaj\u00fa si rodiny ove\u013ea nesk\u00f4r. \u010coraz viac sa stret\u00e1vame s\u00a0prvorodi\u010dkami, ktor\u00e9 maj\u00fa d\u00e1vno po tridsiatke. Pre\u010do?Odpove\u010f je ve\u013emi jednoduch\u00e1. Dne\u0161n\u00e9 \u017eeny si chc\u00fa sk\u00f4r ako sa za\u010dn\u00fa venova\u0165 rodine a\u00a0de\u0165om vybudova\u0165 kari\u00e9ru, \u010di pracova\u0165 na sebe alebo si jednoducho u\u017ei\u0165 \u017eivot bez zodpovednosti za niekoho in\u00e9ho. Je jasn\u00e9, \u017ee po pr\u00edchode die\u0165a\u0165a na svet sa \u017eivot takmer ka\u017edej \u017eeny obr\u00e1ti o\u00a0180 stup\u0148ov a\u00a0cel\u00fd svet sa za\u010dne to\u010di\u0165 predov\u0161etk\u00fdm okolo nov\u00e9ho pr\u00edrastku. Je to prirodzen\u00e9 a\u00a0\u00faplne norm\u00e1lne. A\u00a0pr\u00e1ve toto b\u00fdva pr\u00ed\u010dina, pre\u010do sa \u017eeny odhodl\u00e1vaj\u00fa na krok ma\u0165 deti tak \u0165a\u017eko, v\u00a0niektor\u00fdch pr\u00edpadoch aj v\u00f4bec. Nevedia si toti\u017eto predstavi\u0165, \u017ee zostan\u00fa doma, stopercentne sa venuj\u00fac de\u0165om a\u00a0pr\u00eddu o\u00a0v\u0161etko \u201edianie vo svete\u201c. Je pravda, \u017ee prv\u00e9 t\u00fd\u017edne \u010di mesiace s\u00a0die\u0165a\u0165om b\u00fdvaj\u00fa n\u00e1ro\u010dn\u00e9 a\u00a0novope\u010den\u00e1 mama je v\u00a0niektor\u00fdch pr\u00edpadoch viac vy\u010derpan\u00e1, ako keby chodila do pr\u00e1ce.Ale nikde predsa nie je nap\u00edsan\u00e9, \u017ee mama je ods\u00faden\u00e1 len na k\u0155menie, preba\u013eovanie a\u00a0sedenie doma. Po ur\u010ditom \u010dase si ka\u017ed\u00e1 n\u00e1jde ur\u010dit\u00fd re\u017eim, ktor\u00fd bude vyhovova\u0165 die\u0165a\u0165u aj jej a\u00a0v\u00a0spolupr\u00e1ci s\u00a0partnerom \u010di rodinou si ur\u010dite ka\u017ed\u00e1 u\u017eije aj nejak\u00fa t\u00fa chv\u00ed\u013eku pre seba. \u010eal\u0161\u00edm probl\u00e9mom, ktor\u00fd \u017eeny vidia je aj prepojenie rodi\u010dovsk\u00fdch povinnost\u00ed s\u00a0pr\u00e1cou po n\u00e1vrate do zamestnania. Deti sa jednoducho nedaj\u00fa odlo\u017ei\u0165 a\u00a0pracovn\u00fd \u010das v\u00a0niektor\u00fdch zamestnaniach je \u010dastokr\u00e1t ne\u00faprosn\u00fd. Ke\u010f v\u0161ak \u017eena naozaj chce, ur\u010dite sa d\u00e1 n\u00e1js\u0165 kompromis a\u00a0rie\u0161enie vo v\u0161etkom.\u00a0Netreba \u010daka\u0165 donekone\u010dnaJedno je ist\u00e9. Hoci sa pos\u00fava vekov\u00e1 hranica \u017eien, ktor\u00e9 sa rozhodn\u00fa by\u0165 mamami \u010doraz vy\u0161\u0161ie, biologick\u00fd vek jednoducho nepust\u00ed. Netreba zab\u00fada\u0165 na to, \u017ee telo \u017eeny nie je schopn\u00e9 po\u010da\u0165 a\u00a0vynosi\u0165 die\u0165a v\u00a0ktoromko\u013evek veku. Preto by si ka\u017ed\u00e1 \u017eena, ktor\u00e1 \u010do i\u00a0len uva\u017euje o\u00a0mo\u017enosti ma\u0165 rodinu mala zv\u00e1\u017ei\u0165 v\u0161etky mo\u017enosti a\u00a0nenecha\u0165 si toto kr\u00e1sne poslanie ujs\u0165 len kv\u00f4li tomu, \u017ee chce najsk\u00f4r vybudova\u0165 kari\u00e9ru \u010di u\u017ei\u0165 si \u017eivot. M\u00f4\u017ee sa toti\u017eto sta\u0165, \u017ee jej to potom jej zdravotn\u00fd stav nebude chcie\u0165 umo\u017eni\u0165 a\u00a0telo si jednoducho povie, \u017ee je u\u017e neskoro.\u00a0D\u00e1 sa zvl\u00e1dnu\u0165 obojeAsi ka\u017ed\u00e1 mama, ktor\u00e1 t\u00fa\u017eila po de\u0165och si povie, \u017ee materstvo je kr\u00e1sne a\u00a0\u0165a\u017ek\u00e9 z\u00e1rove\u0148. Vychova\u0165 a\u00a0postara\u0165 sa o\u00a0deti je s\u00edce n\u00e1ro\u010dn\u00e9, ale d\u00e1 sa sk\u013abi\u0165 aj s\u00a0pracovn\u00fdmi povinnos\u0165ami. Mo\u017eno to bude n\u00e1ro\u010dn\u00e9, ale ur\u010dite to stoj\u00ed za to.\u00a0                                                                                                                                                                                                                                                                                                                                                                                        4.2\/5 - (9 votes)        "},{"@context":"https:\/\/schema.org\/","@type":"BreadcrumbList","itemListElement":[{"@type":"ListItem","position":1,"name":"Kari\u00e9ra verzus rodina","item":"https:\/\/www.darne.sk\/kariera-verzus-rodina\/#breadcrumbitem"}]}]