[{"@context":"https:\/\/schema.org\/","@type":"Article","@id":"https:\/\/www.darne.sk\/myslite-na-malickosti\/#Article","mainEntityOfPage":"https:\/\/www.darne.sk\/myslite-na-malickosti\/","headline":"Myslite na mali\u010dkosti","name":"Myslite na mali\u010dkosti","description":"Ke\u010f sa raz rozhodnete, \u017ee budete ma\u0165 perfektn\u00fd outfit, m\u00f4\u017eete si by\u0165 ist\u00e1 t\u00fdm, \u017ee ho budete chcie\u0165 dotiahnu\u0165 do \u00faplnej dokonalosti. Nez\u00e1le\u017e\u00ed na tom, ako to vid\u00edte teraz. A nez\u00e1le\u017e\u00ed ani na tom, \u010do si mysl\u00edte. V\u017edy budete sk\u00fa\u0161a\u0165 a h\u013eada\u0165 nie\u010do viac. Budete sa sna\u017ei\u0165 a budete robi\u0165 v\u0161etko preto, aby...","datePublished":"2018-05-18","dateModified":"2023-10-10","author":{"@type":"Person","@id":"https:\/\/www.darne.sk\/author\/#Person","name":"","url":"https:\/\/www.darne.sk\/author\/","identifier":1,"image":{"@type":"ImageObject","@id":"https:\/\/secure.gravatar.com\/avatar\/cbcb92d2d459f60d1dc08d6e5973c6b0ed1017e8a3b51da0599e03841cfa81e6?s=96&d=mm&r=g","url":"https:\/\/secure.gravatar.com\/avatar\/cbcb92d2d459f60d1dc08d6e5973c6b0ed1017e8a3b51da0599e03841cfa81e6?s=96&d=mm&r=g","height":96,"width":96}},"publisher":{"@type":"Organization","name":"darne.sk","logo":{"@type":"ImageObject","@id":"\/logo.png","url":"\/logo.png","width":600,"height":60}},"image":{"@type":"ImageObject","@id":"https:\/\/www.darne.sk\/wp-content\/uploads\/img_a289673_w16559_t1531902239.jpg","url":"https:\/\/www.darne.sk\/wp-content\/uploads\/img_a289673_w16559_t1531902239.jpg","height":0,"width":0},"url":"https:\/\/www.darne.sk\/myslite-na-malickosti\/","wordCount":429,"articleBody":"       Ke\u010f sa raz rozhodnete, \u017ee budete ma\u0165 perfektn\u00fd outfit, m\u00f4\u017eete si by\u0165 ist\u00e1 t\u00fdm, \u017ee ho budete chcie\u0165 dotiahnu\u0165 do \u00faplnej dokonalosti. Nez\u00e1le\u017e\u00ed na tom, ako to vid\u00edte teraz. A nez\u00e1le\u017e\u00ed ani na tom, \u010do si mysl\u00edte. V\u017edy budete sk\u00fa\u0161a\u0165 a h\u013eada\u0165 nie\u010do viac. Budete sa sna\u017ei\u0165 a budete robi\u0165 v\u0161etko preto, aby ste dosiahli nie\u010do viac, aby ste proste mali pri sebe nie\u010do, \u010do v\u00e1m ude \u0161epka\u0165, \u017ee ste tot\u00e1lne dokonal\u00e1. Tak to jednoducho je. Ob\u010das je to aj \u00fapln\u00e1 mali\u010dkos\u0165, ktor\u00e1 v\u00e1s tot\u00e1lne roz\u017eiari, napr\u00edklad strieborn\u00e9 n\u00e1u\u0161nice. Je to mali\u010dkos\u0165, ktor\u00e1 ale s vami sprav\u00ed to, \u010domu by ste mo\u017eno nikdy v \u017eivote ani len na mal\u00fa chv\u00ed\u013eu neuverili. V \u017eivote ka\u017edej \u017eeny ob\u010das pr\u00edde tak\u00e1 chv\u00ed\u013ea, ktor\u00e1 s \u0148ou tot\u00e1lne zato\u010d\u00ed. Nez\u00e1le\u017e\u00ed na tom \u010di je to v mladom, alebo star\u0161om veku, ale raz to proste pr\u00edde a to v\u00e4\u010d\u0161inou automaticky znamen\u00e1 to, \u017ee sa za\u010dnete orientova\u0165 na veci okolo v\u00e1s. Teraz sa zameriavate na mali\u010dkosti, ale nakoniec to mo\u017eno bude nie\u010do \u00faplne in\u00e9, \u010do naplno up\u00fata va\u0161u pozornos\u0165. Tak\u017ee, na \u010do vlastne e\u0161te \u010dak\u00e1te? Urobte nie\u010do preto, aby veci fungovali presne tak, ako fungova\u0165 maj\u00fa a sk\u00faste sa do toho poriadne oprie\u0165. Teraz u\u017e ide iba o v\u00e1s, tak\u017ee ne\u010dakajte a urobte v\u0161etko preto, aby ste sa c\u00edtili sama so sebou spokojn\u00e1.M\u00e1te e\u0161te nejak\u00fd n\u00e1pad na to, ako by ste sa mohli vylep\u0161i\u0165? Asi je jasn\u00e9, \u017ee v\u0161etko m\u00e1 svoj vlastn\u00fd v\u00fdznam a z toho d\u00f4vodu by ste sa mali zamera\u0165 aj na to, \u010do je okolo v\u00e1s a ako sa s t\u00fdm popasova\u0165. Mo\u017eno aj mal\u00fd \u0161perk dok\u00e1\u017ee tot\u00e1lne zato\u010di\u0165 s va\u0161\u00edm svetom. Ob\u010das proste nez\u00e1le\u017e\u00ed na tom, \u010do je okolo v\u00e1s. Nez\u00e1le\u017e\u00ed na tom, \u010do by ste mali robi\u0165, na \u010do by ste sa mali zamera\u0165 a \u010do je pre v\u00e1s maxim\u00e1lne d\u00f4le\u017eit\u00e9 a podstatn\u00e9. S\u00fa to detaily, ktor\u00e9 z v\u00e1s robia to, \u010d\u00edm ste. A to je naozaj d\u00f4le\u017eit\u00e9, v\u0161ak? Tak u\u017e teda nebu\u010fte niek\u00fdm, kto sa len s\u0165a\u017euje. Nebu\u010fte niek\u00fdm, kto pla\u010de nad v\u0161etk\u00fdm, \u010do nem\u00e1. Myslite na mali\u010dkosti.                                                                                                                                                                                                                                                                                                                                                                                          4.2\/5 - (12 votes)        "},{"@context":"https:\/\/schema.org\/","@type":"BreadcrumbList","itemListElement":[{"@type":"ListItem","position":1,"name":"Myslite na mali\u010dkosti","item":"https:\/\/www.darne.sk\/myslite-na-malickosti\/#breadcrumbitem"}]}]